{"id":230,"date":"2015-10-12T13:44:56","date_gmt":"2015-10-12T13:44:56","guid":{"rendered":"https:\/\/urbanna.org\/gotic\/?lang=fr"},"modified":"2018-06-22T11:20:25","modified_gmt":"2018-06-22T11:20:25","slug":"barri-gotic-cook-and-taste","status":"publish","type":"post","link":"https:\/\/urbanna.org\/fr\/barri-gotic-cook-and-taste\/","title":{"rendered":"Quartier gothique &#038; ap\u00e9ritif"},"content":{"rendered":"<div class=\"row\">\n<div class=\" col-sm-6\">\n<p class=\"p1\"><span class=\"s1\">Venez vous promener dans les rues \u00e9troites du vieux quartier de Barcelone, entour\u00e9 de b\u00e2timents historiques tels que la cath\u00e9drale, les palais m\u00e9di\u00e9vaux, les remparts romains et les petites places qui cachent les 2000 ans d&rsquo;histoire de la ville. Et si nous sommes fatigu\u00e9s, je vous propose \u00abd&rsquo;aller faire un ap\u00e9ritif\u00bb, une habitude tr\u00e8s catalane, que consiste \u00e0 faire un repas l\u00e9ger avant le d\u00e9jeuner, dans une cave typique ou dans un bar sp\u00e9cialis\u00e9 en vermouth.<\/span><\/p>\n<p class=\"p1\"><\/div>\n<div class=\" col-sm-6\">\n<p class=\"p1\"><u>Itin\u00e9raire<\/u><br \/>\nPla\u00e7a Sant <span class=\"SpellE\">Jaume<\/span>, Temple romain d\u2019Auguste, Quartier juif, Pla\u00e7a Sant <span class=\"SpellE\">Felip<\/span> <span class=\"SpellE\">Neri<\/span>, Eglise de Santa Maria <span class=\"SpellE\">del<\/span> Pi, Casa de l\u2019<span class=\"SpellE\">Ardiaca<\/span>, Cath\u00e9drale, Pla\u00e7a <span class=\"SpellE\">del<\/span> <span class=\"SpellE\">Rei<\/span> et\u00a0<span class=\"s1\">bar sp\u00e9cialis\u00e9 en vermouth.<\/span><\/p>\n<p class=\"p1\"><span style=\"text-decoration: underline;\">Dur\u00e9e<\/span><br \/>\n4h.<\/p>\n<p class=\"p1\"><span style=\"text-decoration: underline;\">Transport<\/span><br \/>\n\u00c0 pied.<\/p>\n<p><a href=\"https:\/\/urbanna.org\/fr\/contact\/\">Demander plus d'information<\/a><\/p><\/div><\/div>\n<p>&nbsp;<\/p>\n","protected":false},"excerpt":{"rendered":"<p>&nbsp;<\/p>\n","protected":false},"author":3,"featured_media":187,"comment_status":"closed","ping_status":"open","sticky":false,"template":"","format":"standard","meta":{"_monsterinsights_skip_tracking":false,"_monsterinsights_sitenote_active":false,"_monsterinsights_sitenote_note":"","_monsterinsights_sitenote_category":0,"footnotes":""},"categories":[11],"tags":[],"class_list":["post-230","post","type-post","status-publish","format-standard","has-post-thumbnail","hentry","category-special-tours-fr"],"yoast_head":"<!-- This site is optimized with the Yoast SEO plugin v24.2 - https:\/\/yoast.com\/wordpress\/plugins\/seo\/ -->\n<title>Quartier gothique &amp; ap\u00e9ritif - Urbanna<\/title>\n<meta name=\"robots\" content=\"index, follow, max-snippet:-1, max-image-preview:large, max-video-preview:-1\" \/>\n<link rel=\"canonical\" href=\"https:\/\/urbanna.org\/fr\/barri-gotic-cook-and-taste\/\" \/>\n<meta property=\"og:locale\" content=\"fr_FR\" \/>\n<meta property=\"og:type\" content=\"article\" \/>\n<meta property=\"og:title\" content=\"Quartier gothique &amp; ap\u00e9ritif - Urbanna\" \/>\n<meta property=\"og:description\" content=\"&nbsp;\" \/>\n<meta property=\"og:url\" content=\"https:\/\/urbanna.org\/fr\/barri-gotic-cook-and-taste\/\" \/>\n<meta property=\"og:site_name\" content=\"Urbanna\" \/>\n<meta property=\"article:published_time\" content=\"2015-10-12T13:44:56+00:00\" \/>\n<meta property=\"article:modified_time\" content=\"2018-06-22T11:20:25+00:00\" \/>\n<meta property=\"og:image\" content=\"https:\/\/urbanna.org\/wp-content\/uploads\/2015\/10\/urbanna-gotic.jpg\" \/>\n\t<meta property=\"og:image:width\" content=\"1400\" \/>\n\t<meta property=\"og:image:height\" content=\"1190\" \/>\n\t<meta property=\"og:image:type\" content=\"image\/jpeg\" \/>\n<meta name=\"author\" content=\"roger\" \/>\n<meta name=\"twitter:card\" content=\"summary_large_image\" \/>\n<meta name=\"twitter:label1\" content=\"\u00c9crit par\" \/>\n\t<meta name=\"twitter:data1\" content=\"roger\" \/>\n\t<meta name=\"twitter:label2\" content=\"Dur\u00e9e de lecture estim\u00e9e\" \/>\n\t<meta name=\"twitter:data2\" content=\"1 minute\" \/>\n<script type=\"application\/ld+json\" class=\"yoast-schema-graph\">{\"@context\":\"https:\/\/schema.org\",\"@graph\":[{\"@type\":\"WebPage\",\"@id\":\"https:\/\/urbanna.org\/fr\/barri-gotic-cook-and-taste\/\",\"url\":\"https:\/\/urbanna.org\/fr\/barri-gotic-cook-and-taste\/\",\"name\":\"Quartier gothique & ap\u00e9ritif - Urbanna\",\"isPartOf\":{\"@id\":\"https:\/\/urbanna.org\/#website\"},\"primaryImageOfPage\":{\"@id\":\"https:\/\/urbanna.org\/fr\/barri-gotic-cook-and-taste\/#primaryimage\"},\"image\":{\"@id\":\"https:\/\/urbanna.org\/fr\/barri-gotic-cook-and-taste\/#primaryimage\"},\"thumbnailUrl\":\"https:\/\/urbanna.org\/wp-content\/uploads\/2015\/10\/urbanna-gotic.jpg\",\"datePublished\":\"2015-10-12T13:44:56+00:00\",\"dateModified\":\"2018-06-22T11:20:25+00:00\",\"author\":{\"@id\":\"https:\/\/urbanna.org\/#\/schema\/person\/fe87566f53bba2ad1f3c0d6c11ee65b1\"},\"breadcrumb\":{\"@id\":\"https:\/\/urbanna.org\/fr\/barri-gotic-cook-and-taste\/#breadcrumb\"},\"inLanguage\":\"fr-FR\",\"potentialAction\":[{\"@type\":\"ReadAction\",\"target\":[\"https:\/\/urbanna.org\/fr\/barri-gotic-cook-and-taste\/\"]}]},{\"@type\":\"ImageObject\",\"inLanguage\":\"fr-FR\",\"@id\":\"https:\/\/urbanna.org\/fr\/barri-gotic-cook-and-taste\/#primaryimage\",\"url\":\"https:\/\/urbanna.org\/wp-content\/uploads\/2015\/10\/urbanna-gotic.jpg\",\"contentUrl\":\"https:\/\/urbanna.org\/wp-content\/uploads\/2015\/10\/urbanna-gotic.jpg\",\"width\":1400,\"height\":1190},{\"@type\":\"BreadcrumbList\",\"@id\":\"https:\/\/urbanna.org\/fr\/barri-gotic-cook-and-taste\/#breadcrumb\",\"itemListElement\":[{\"@type\":\"ListItem\",\"position\":1,\"name\":\"Home\",\"item\":\"https:\/\/urbanna.org\/fr\/\"},{\"@type\":\"ListItem\",\"position\":2,\"name\":\"Quartier gothique &#038; ap\u00e9ritif\"}]},{\"@type\":\"WebSite\",\"@id\":\"https:\/\/urbanna.org\/#website\",\"url\":\"https:\/\/urbanna.org\/\",\"name\":\"Urbanna\",\"description\":\"Official Barcelona tour guide\",\"potentialAction\":[{\"@type\":\"SearchAction\",\"target\":{\"@type\":\"EntryPoint\",\"urlTemplate\":\"https:\/\/urbanna.org\/?s={search_term_string}\"},\"query-input\":{\"@type\":\"PropertyValueSpecification\",\"valueRequired\":true,\"valueName\":\"search_term_string\"}}],\"inLanguage\":\"fr-FR\"},{\"@type\":\"Person\",\"@id\":\"https:\/\/urbanna.org\/#\/schema\/person\/fe87566f53bba2ad1f3c0d6c11ee65b1\",\"name\":\"roger\",\"image\":{\"@type\":\"ImageObject\",\"inLanguage\":\"fr-FR\",\"@id\":\"https:\/\/urbanna.org\/#\/schema\/person\/image\/\",\"url\":\"https:\/\/secure.gravatar.com\/avatar\/c1ffe4c980ea235ca4bfd2f1c4ec1470?s=96&d=mm&r=g\",\"contentUrl\":\"https:\/\/secure.gravatar.com\/avatar\/c1ffe4c980ea235ca4bfd2f1c4ec1470?s=96&d=mm&r=g\",\"caption\":\"roger\"}}]}<\/script>\n<!-- \/ Yoast SEO plugin. -->","yoast_head_json":{"title":"Quartier gothique & ap\u00e9ritif - Urbanna","robots":{"index":"index","follow":"follow","max-snippet":"max-snippet:-1","max-image-preview":"max-image-preview:large","max-video-preview":"max-video-preview:-1"},"canonical":"https:\/\/urbanna.org\/fr\/barri-gotic-cook-and-taste\/","og_locale":"fr_FR","og_type":"article","og_title":"Quartier gothique & ap\u00e9ritif - Urbanna","og_description":"&nbsp;","og_url":"https:\/\/urbanna.org\/fr\/barri-gotic-cook-and-taste\/","og_site_name":"Urbanna","article_published_time":"2015-10-12T13:44:56+00:00","article_modified_time":"2018-06-22T11:20:25+00:00","og_image":[{"width":1400,"height":1190,"url":"https:\/\/urbanna.org\/wp-content\/uploads\/2015\/10\/urbanna-gotic.jpg","type":"image\/jpeg"}],"author":"roger","twitter_card":"summary_large_image","twitter_misc":{"\u00c9crit par":"roger","Dur\u00e9e de lecture estim\u00e9e":"1 minute"},"schema":{"@context":"https:\/\/schema.org","@graph":[{"@type":"WebPage","@id":"https:\/\/urbanna.org\/fr\/barri-gotic-cook-and-taste\/","url":"https:\/\/urbanna.org\/fr\/barri-gotic-cook-and-taste\/","name":"Quartier gothique & ap\u00e9ritif - Urbanna","isPartOf":{"@id":"https:\/\/urbanna.org\/#website"},"primaryImageOfPage":{"@id":"https:\/\/urbanna.org\/fr\/barri-gotic-cook-and-taste\/#primaryimage"},"image":{"@id":"https:\/\/urbanna.org\/fr\/barri-gotic-cook-and-taste\/#primaryimage"},"thumbnailUrl":"https:\/\/urbanna.org\/wp-content\/uploads\/2015\/10\/urbanna-gotic.jpg","datePublished":"2015-10-12T13:44:56+00:00","dateModified":"2018-06-22T11:20:25+00:00","author":{"@id":"https:\/\/urbanna.org\/#\/schema\/person\/fe87566f53bba2ad1f3c0d6c11ee65b1"},"breadcrumb":{"@id":"https:\/\/urbanna.org\/fr\/barri-gotic-cook-and-taste\/#breadcrumb"},"inLanguage":"fr-FR","potentialAction":[{"@type":"ReadAction","target":["https:\/\/urbanna.org\/fr\/barri-gotic-cook-and-taste\/"]}]},{"@type":"ImageObject","inLanguage":"fr-FR","@id":"https:\/\/urbanna.org\/fr\/barri-gotic-cook-and-taste\/#primaryimage","url":"https:\/\/urbanna.org\/wp-content\/uploads\/2015\/10\/urbanna-gotic.jpg","contentUrl":"https:\/\/urbanna.org\/wp-content\/uploads\/2015\/10\/urbanna-gotic.jpg","width":1400,"height":1190},{"@type":"BreadcrumbList","@id":"https:\/\/urbanna.org\/fr\/barri-gotic-cook-and-taste\/#breadcrumb","itemListElement":[{"@type":"ListItem","position":1,"name":"Home","item":"https:\/\/urbanna.org\/fr\/"},{"@type":"ListItem","position":2,"name":"Quartier gothique &#038; ap\u00e9ritif"}]},{"@type":"WebSite","@id":"https:\/\/urbanna.org\/#website","url":"https:\/\/urbanna.org\/","name":"Urbanna","description":"Official Barcelona tour guide","potentialAction":[{"@type":"SearchAction","target":{"@type":"EntryPoint","urlTemplate":"https:\/\/urbanna.org\/?s={search_term_string}"},"query-input":{"@type":"PropertyValueSpecification","valueRequired":true,"valueName":"search_term_string"}}],"inLanguage":"fr-FR"},{"@type":"Person","@id":"https:\/\/urbanna.org\/#\/schema\/person\/fe87566f53bba2ad1f3c0d6c11ee65b1","name":"roger","image":{"@type":"ImageObject","inLanguage":"fr-FR","@id":"https:\/\/urbanna.org\/#\/schema\/person\/image\/","url":"https:\/\/secure.gravatar.com\/avatar\/c1ffe4c980ea235ca4bfd2f1c4ec1470?s=96&d=mm&r=g","contentUrl":"https:\/\/secure.gravatar.com\/avatar\/c1ffe4c980ea235ca4bfd2f1c4ec1470?s=96&d=mm&r=g","caption":"roger"}}]}},"_links":{"self":[{"href":"https:\/\/urbanna.org\/fr\/wp-json\/wp\/v2\/posts\/230","targetHints":{"allow":["GET"]}}],"collection":[{"href":"https:\/\/urbanna.org\/fr\/wp-json\/wp\/v2\/posts"}],"about":[{"href":"https:\/\/urbanna.org\/fr\/wp-json\/wp\/v2\/types\/post"}],"author":[{"embeddable":true,"href":"https:\/\/urbanna.org\/fr\/wp-json\/wp\/v2\/users\/3"}],"replies":[{"embeddable":true,"href":"https:\/\/urbanna.org\/fr\/wp-json\/wp\/v2\/comments?post=230"}],"version-history":[{"count":5,"href":"https:\/\/urbanna.org\/fr\/wp-json\/wp\/v2\/posts\/230\/revisions"}],"predecessor-version":[{"id":618,"href":"https:\/\/urbanna.org\/fr\/wp-json\/wp\/v2\/posts\/230\/revisions\/618"}],"wp:featuredmedia":[{"embeddable":true,"href":"https:\/\/urbanna.org\/fr\/wp-json\/wp\/v2\/media\/187"}],"wp:attachment":[{"href":"https:\/\/urbanna.org\/fr\/wp-json\/wp\/v2\/media?parent=230"}],"wp:term":[{"taxonomy":"category","embeddable":true,"href":"https:\/\/urbanna.org\/fr\/wp-json\/wp\/v2\/categories?post=230"},{"taxonomy":"post_tag","embeddable":true,"href":"https:\/\/urbanna.org\/fr\/wp-json\/wp\/v2\/tags?post=230"}],"curies":[{"name":"wp","href":"https:\/\/api.w.org\/{rel}","templated":true}]}}